{"id":9337,"date":"2014-10-31T09:59:08","date_gmt":"2014-10-31T08:59:08","guid":{"rendered":"http:\/\/www.ethicalquote.com\/?p=9337"},"modified":"2014-10-31T10:19:46","modified_gmt":"2014-10-31T09:19:46","slug":"la-finance-durable-prend-enfin-du-galon-a-luniversite","status":"publish","type":"post","link":"https:\/\/www.covalence.ch\/index.php\/2014\/10\/31\/la-finance-durable-prend-enfin-du-galon-a-luniversite\/","title":{"rendered":"<!--:en-->La finance durable prend enfin du galon \u00e0\u00a0 l\u2019universit\u00e9<!--:--><!--:fr-->La finance durable prend enfin du galon \u00e0\u00a0 l\u2019universit\u00e9<!--:-->"},"content":{"rendered":"<p><!--:en--><\/p>\n<p><a href=\"http:\/\/www.ethicalquote.com\/newTemplate\/docs\/LeTemps20141031.pdf\" target=\"_blank\"><img loading=\"lazy\" decoding=\"async\" class=\"alignright wp-image-9338 size-full\" title=\"La finance durable prend enfin du galon \u00e0\u00a0 l\u2019universit\u00e9\" src=\"http:\/\/www.ethicalquote.com\/newTemplate\/wp-content\/uploads\/2014\/10\/141031letemps.jpg\" alt=\"La finance durable prend enfin du galon \u00e0\u00a0 l\u2019universit\u00e9\" width=\"200\" height=\"130\" \/><\/a>L\u2019Universit\u00e9 de Gen\u00e8ve vient de nommer Philipp Kr\u00e0\u00bcger au poste de Professeur assistant en finance responsable, ce qui repr\u00e9sente une premi\u00e8re en Suisse. M. Kr\u00e0\u00bcger est chercheur au sein de la nouvelle Facult\u00e9 d\u2019\u00e9conomie et management (GSEM) et est rattach\u00e9 au Geneva Finance Research Institute (GFRI). Il constitue la cheville ouvri\u00e8re du colloque international Geneva Summit on Sustainable Finance, organis\u00e9 avec l\u2019association Sustainable Finance Geneva (SFG), dont la 2<sup>\u00e8me<\/sup> \u00e9dition se tiendra le 27 novembre. L\u2019on y parlera Investissement Socialement Responsable (ISR), analyse Environnement, Social, Gouvernance (ESG), impact investing, microfinance, et risque, rendement, mat\u00e9rialit\u00e9, corr\u00e9lations.<\/p>\n<p>\u00c2\u00abC\u2019est une grande satisfaction, et cela montre que la finance durable est devenue un th\u00e8me s\u00e9rieux et important \u00e0\u00a0 l\u2019universit\u00e9\u00c2\u00bb, confie M. Kr\u00e0\u00bcger. Une nouvelle qui r\u00e9jouit aussi Rajna Gibson Brandon, professeure de finance et directrice du GFRI\u00c2\u00a0: \u00c2\u00abCette nomination permet au GFRI de se renforcer en finance durable, ce que nous entendons poursuivre \u00e0\u00a0 l\u2019avenir.\u00c2\u00bb On peut y voir un reflet de la strat\u00e9gie de l\u2019Universit\u00e9 de Gen\u00e8ve, comme l\u2019explique Yves Fl\u00e0\u00bcckiger, vice-recteur: \u00c2\u00abEn inscrivant dans son plan strat\u00e9gique un axe consacr\u00e9 au th\u00e8me \u00c2\u00abFinance et soci\u00e9t\u00e9\u00c2\u00bb, le rectorat a souhait\u00e9 d\u00e9velopper un enseignement et une recherche d\u2019excellence sur la gouvernance du syst\u00e8me financier et ses impacts sur l\u2019ensemble de la soci\u00e9t\u00e9.\u00c2\u00bb <a title=\"La finance durable prend enfin du galon \u00e0\u00a0 l\u2019universit\u00e9\" href=\"http:\/\/www.ethicalquote.com\/newTemplate\/docs\/LeTemps20141031.pdf\" target=\"_blank\">Suite&#8230;<\/a><\/p>\n<p>Auteur: Antoine Mach, Covalence | Source: <a title=\"La finance durable prend enfin du galon \u00e0\u00a0 l\u2019universit\u00e9\" href=\"http:\/\/www.ethicalquote.com\/newTemplate\/docs\/LeTemps20141031.pdf\" target=\"_blank\">Le Temps<\/a> 31 novembre 2014<\/p>\n<p><!--:--><!--:fr--><\/p>\n<p><a href=\"http:\/\/www.ethicalquote.com\/newTemplate\/docs\/LeTemps20141031.pdf\" target=\"_blank\"><img loading=\"lazy\" decoding=\"async\" class=\"alignright wp-image-9338 size-full\" title=\"La finance durable prend enfin du galon \u00e0\u00a0 l\u2019universit\u00e9\" src=\"http:\/\/www.ethicalquote.com\/newTemplate\/wp-content\/uploads\/2014\/10\/141031letemps.jpg\" alt=\"La finance durable prend enfin du galon \u00e0\u00a0 l\u2019universit\u00e9\" width=\"200\" height=\"130\" \/><\/a>L\u2019Universit\u00e9 de Gen\u00e8ve vient de nommer Philipp Kr\u00e0\u00bcger au poste de Professeur assistant en finance responsable, ce qui repr\u00e9sente une premi\u00e8re en Suisse. M. Kr\u00e0\u00bcger est chercheur au sein de la nouvelle Facult\u00e9 d\u2019\u00e9conomie et management (GSEM) et est rattach\u00e9 au Geneva Finance Research Institute (GFRI). Il constitue la cheville ouvri\u00e8re du colloque international Geneva Summit on Sustainable Finance, organis\u00e9 avec l\u2019association Sustainable Finance Geneva (SFG), dont la 2<sup>\u00e8me<\/sup> \u00e9dition se tiendra le 27 novembre. L\u2019on y parlera Investissement Socialement Responsable (ISR), analyse Environnement, Social, Gouvernance (ESG), impact investing, microfinance, et risque, rendement, mat\u00e9rialit\u00e9, corr\u00e9lations.<\/p>\n<p>\u00c2\u00abC\u2019est une grande satisfaction, et cela montre que la finance durable est devenue un th\u00e8me s\u00e9rieux et important \u00e0\u00a0 l\u2019universit\u00e9\u00c2\u00bb, confie M. Kr\u00e0\u00bcger. Une nouvelle qui r\u00e9jouit aussi Rajna Gibson Brandon, professeure de finance et directrice du GFRI\u00c2\u00a0: \u00c2\u00abCette nomination permet au GFRI de se renforcer en finance durable, ce que nous entendons poursuivre \u00e0\u00a0 l\u2019avenir.\u00c2\u00bb On peut y voir un reflet de la strat\u00e9gie de l\u2019Universit\u00e9 de Gen\u00e8ve, comme l\u2019explique Yves Fl\u00e0\u00bcckiger, vice-recteur: \u00c2\u00abEn inscrivant dans son plan strat\u00e9gique un axe consacr\u00e9 au th\u00e8me \u00c2\u00abFinance et soci\u00e9t\u00e9\u00c2\u00bb, le rectorat a souhait\u00e9 d\u00e9velopper un enseignement et une recherche d\u2019excellence sur la gouvernance du syst\u00e8me financier et ses impacts sur l\u2019ensemble de la soci\u00e9t\u00e9.\u00c2\u00bb <a title=\"La finance durable prend enfin du galon \u00e0\u00a0 l\u2019universit\u00e9\" href=\"http:\/\/www.ethicalquote.com\/newTemplate\/docs\/LeTemps20141031.pdf\" target=\"_blank\">Suite&#8230;<\/a><\/p>\n<p>Auteur: Antoine Mach, Covalence | Source: <a title=\"La finance durable prend enfin du galon \u00e0\u00a0 l\u2019universit\u00e9\" href=\"http:\/\/www.ethicalquote.com\/newTemplate\/docs\/LeTemps20141031.pdf\" target=\"_blank\">Le Temps<\/a> 31 novembre 2014<\/p>\n<p><!--:--><\/p>\n","protected":false},"excerpt":{"rendered":"<p>L\u2019Universit\u00e9 de Gen\u00e8ve vient de nommer Philipp Kr\u00e0\u00bcger au poste de Professeur assistant en finance responsable, ce qui repr\u00e9sente une premi\u00e8re en Suisse. M. Kr\u00e0\u00bcger est chercheur au sein de la nouvelle Facult\u00e9 d\u2019\u00e9conomie et management (GSEM) et est rattach\u00e9 au Geneva Finance Research Institute (GFRI). Il constitue la cheville ouvri\u00e8re du colloque international Geneva&hellip;<\/p>\n","protected":false},"author":665,"featured_media":0,"comment_status":"closed","ping_status":"closed","sticky":false,"template":"","format":"standard","meta":{"_exactmetrics_skip_tracking":false,"_exactmetrics_sitenote_active":false,"_exactmetrics_sitenote_note":"","_exactmetrics_sitenote_category":0,"wds_primary_category":0,"wds_primary_post_series":0,"footnotes":""},"categories":[2],"tags":[],"post_series":[],"class_list":["post-9337","post","type-post","status-publish","format-standard","hentry","category-publications","entry","no-media"],"_links":{"self":[{"href":"https:\/\/www.covalence.ch\/index.php\/wp-json\/wp\/v2\/posts\/9337","targetHints":{"allow":["GET"]}}],"collection":[{"href":"https:\/\/www.covalence.ch\/index.php\/wp-json\/wp\/v2\/posts"}],"about":[{"href":"https:\/\/www.covalence.ch\/index.php\/wp-json\/wp\/v2\/types\/post"}],"author":[{"embeddable":true,"href":"https:\/\/www.covalence.ch\/index.php\/wp-json\/wp\/v2\/users\/665"}],"replies":[{"embeddable":true,"href":"https:\/\/www.covalence.ch\/index.php\/wp-json\/wp\/v2\/comments?post=9337"}],"version-history":[{"count":0,"href":"https:\/\/www.covalence.ch\/index.php\/wp-json\/wp\/v2\/posts\/9337\/revisions"}],"wp:attachment":[{"href":"https:\/\/www.covalence.ch\/index.php\/wp-json\/wp\/v2\/media?parent=9337"}],"wp:term":[{"taxonomy":"category","embeddable":true,"href":"https:\/\/www.covalence.ch\/index.php\/wp-json\/wp\/v2\/categories?post=9337"},{"taxonomy":"post_tag","embeddable":true,"href":"https:\/\/www.covalence.ch\/index.php\/wp-json\/wp\/v2\/tags?post=9337"},{"taxonomy":"post_series","embeddable":true,"href":"https:\/\/www.covalence.ch\/index.php\/wp-json\/wp\/v2\/post_series?post=9337"}],"curies":[{"name":"wp","href":"https:\/\/api.w.org\/{rel}","templated":true}]}}