{"id":2675,"date":"2008-08-12T13:31:50","date_gmt":"2008-08-12T12:31:50","guid":{"rendered":"http:\/\/www.ethicalquote.com\/index.php\/2008\/08\/12\/est-ce-qu%e2%80%99un-ordinateur-peux-contribuer-a-la-protection-de-l%e2%80%99environnement\/"},"modified":"2008-08-14T13:37:10","modified_gmt":"2008-08-14T12:37:10","slug":"est-ce-quun-ordinateur-peux-contribuer-a-la-protection-de-lenvironnement","status":"publish","type":"post","link":"https:\/\/www.covalence.ch\/index.php\/2008\/08\/12\/est-ce-quun-ordinateur-peux-contribuer-a-la-protection-de-lenvironnement\/","title":{"rendered":"Est-ce qu\u2019un ordinateur peux contribuer \u00e0\u00a0 la protection de l\u2019environnement ?"},"content":{"rendered":"<p><a href=\"http:\/\/www.mobigeeks.fr\/2008\/08\/12\/est-ce-quun-ordinateur-peux-contribuer-a-la-proctection-de-lenvironnement\/\" target=\"_blank\" title=\"080814_microsoft.jpg\"><img decoding=\"async\" src=\"http:\/\/www.ethicalquote.com\/newTemplate\/wp-content\/uploads\/2008\/08\/080814_microsoft.jpg\" title=\"080814_microsoft.jpg\" alt=\"080814_microsoft.jpg\" align=\"right\" \/><\/a>Eh oui, il ne faut reculer devant rien pour effectuer la moindre petite \u00e9conomie d\u2019\u00e9nergie, ce qui, indirectement, limite la production de dioxyde de carbone. Comment, me direz-vous ? Et bien c\u2019est beaucoup plus simple qu\u2019il n\u2019y parait et c\u2019est ce qu\u2019on voulu mettre en avant \u00e0\u00a0 la fois Microsoft et Verdiem en cr\u00e9ant en partenariat le logiciel <a href=\"http:\/\/www.01net.com\/telecharger\/windows\/Utilitaire\/optimiseurs_et_tests\/fiches\/45026.html\" onclick=\"javascript:pageTracker._trackPageview ('\/outbound\/www.01net.com');\" title=\"Edison\" target=\"_blank\">Edison<\/a> permettant de r\u00e9duire la consommation \u00e9nerg\u00e9tique des PC.<br \/>\nCe petit logiciel gratuit se loge dans la barre de t\u00e0\u00a2che et permet \u00e0\u00a0 l\u2019utilisateur, via une interface tr\u00e8s simple d\u2019emploi, de s\u00e9lectionner les principaux horaires d\u2019utilisation de son ordinateur afin de pouvoir mettre en veille les composants qui ne sont plus utilis\u00e9s. Bref, voici donc un logiciel \u00e0\u00a0 essayer sans mod\u00e9ration et n\u2019h\u00e9sitez pas \u00e0\u00a0 nous faire part, en commentaire, des \u00e9conomies d\u2019\u00e9nergie qui vous aurez r\u00e9alis\u00e9es. Image source: mobigeeks.fr. &gt; <a href=\"http:\/\/www.mobigeeks.fr\/2008\/08\/12\/est-ce-quun-ordinateur-peux-contribuer-a-la-proctection-de-lenvironnement\/\" target=\"_blank\">Continue<\/a>.<\/p>\n<p>News selected by Covalence <span class=\"LinkBlueTransMedium\">| Country: Global<\/span><span class=\"LinkBlueTransMedium\"> | Company: <\/span><font class=\"tdtext\"><a href=\"http:\/\/www.ethicalquote.com\/newTemplate\/index.php\/ethicalquote\/?value=4\">Microsoft<\/a><\/font><span class=\"LinkBlueTransMedium\"> , Verdiem| <\/span>Source: <a href=\"http:\/\/www.mobigeeks.fr\/2008\/08\/12\/est-ce-quun-ordinateur-peux-contribuer-a-la-proctection-de-lenvironnement\/\" target=\"_blank\">Mobigeeks<\/a><\/p>\n","protected":false},"excerpt":{"rendered":"<p>Eh oui, il ne faut reculer devant rien pour effectuer la moindre petite \u00e9conomie d\u2019\u00e9nergie, ce qui, indirectement, limite la production de dioxyde de carbone. Comment, me direz-vous ? Et bien c\u2019est beaucoup plus simple qu\u2019il n\u2019y parait et c\u2019est ce qu\u2019on voulu mettre en avant \u00e0\u00a0 la fois Microsoft et Verdiem en cr\u00e9ant en&hellip;<\/p>\n","protected":false},"author":665,"featured_media":0,"comment_status":"closed","ping_status":"closed","sticky":false,"template":"","format":"standard","meta":{"_exactmetrics_skip_tracking":false,"_exactmetrics_sitenote_active":false,"_exactmetrics_sitenote_note":"","_exactmetrics_sitenote_category":0,"wds_primary_category":0,"wds_primary_post_series":0,"footnotes":""},"categories":[1],"tags":[22],"post_series":[],"class_list":["post-2675","post","type-post","status-publish","format-standard","hentry","category-news","tag-microsoft","entry","no-media"],"_links":{"self":[{"href":"https:\/\/www.covalence.ch\/index.php\/wp-json\/wp\/v2\/posts\/2675","targetHints":{"allow":["GET"]}}],"collection":[{"href":"https:\/\/www.covalence.ch\/index.php\/wp-json\/wp\/v2\/posts"}],"about":[{"href":"https:\/\/www.covalence.ch\/index.php\/wp-json\/wp\/v2\/types\/post"}],"author":[{"embeddable":true,"href":"https:\/\/www.covalence.ch\/index.php\/wp-json\/wp\/v2\/users\/665"}],"replies":[{"embeddable":true,"href":"https:\/\/www.covalence.ch\/index.php\/wp-json\/wp\/v2\/comments?post=2675"}],"version-history":[{"count":0,"href":"https:\/\/www.covalence.ch\/index.php\/wp-json\/wp\/v2\/posts\/2675\/revisions"}],"wp:attachment":[{"href":"https:\/\/www.covalence.ch\/index.php\/wp-json\/wp\/v2\/media?parent=2675"}],"wp:term":[{"taxonomy":"category","embeddable":true,"href":"https:\/\/www.covalence.ch\/index.php\/wp-json\/wp\/v2\/categories?post=2675"},{"taxonomy":"post_tag","embeddable":true,"href":"https:\/\/www.covalence.ch\/index.php\/wp-json\/wp\/v2\/tags?post=2675"},{"taxonomy":"post_series","embeddable":true,"href":"https:\/\/www.covalence.ch\/index.php\/wp-json\/wp\/v2\/post_series?post=2675"}],"curies":[{"name":"wp","href":"https:\/\/api.w.org\/{rel}","templated":true}]}}