{"id":2530,"date":"2008-05-29T00:45:49","date_gmt":"2008-05-28T23:45:49","guid":{"rendered":"http:\/\/www.ethicalquote.com\/index.php\/2008\/05\/29\/le-groupe-forrest-ouvre-ses-livres\/"},"modified":"2008-06-03T10:57:18","modified_gmt":"2008-06-03T09:57:18","slug":"le-groupe-forrest-ouvre-ses-livres","status":"publish","type":"post","link":"https:\/\/www.covalence.ch\/index.php\/2008\/05\/29\/le-groupe-forrest-ouvre-ses-livres\/","title":{"rendered":"Le Groupe Forrest ouvre ses livres"},"content":{"rendered":"<p><a href=\"http:\/\/www.mediacongo.net\/show.asp?doc=9160\" target=\"_blank\" title=\"080603_forrest.jpg\"><img decoding=\"async\" src=\"http:\/\/www.ethicalquote.com\/newTemplate\/wp-content\/uploads\/2008\/06\/080603_forrest.jpg\" title=\"080603_forrest.jpg\" alt=\"080603_forrest.jpg\" align=\"right\" \/><\/a><newscontent> Apr\u00e8s avoir fait couler encre et salive en fin d\u2019ann\u00e9e derni\u00e8re,  en raison des atermoiements du gouvernement pour leur publication, les conclusions  de la commission mixte Gouvernement-Soci\u00e9t\u00e9 Civile charg\u00e9e  de revisiter les contrats miniers en R\u00e9publique D\u00e9mocratique du  Congo ont finalement \u00e9t\u00e9 communiqu\u00e9es \u00e0\u00a0 l\u2019opinion  au mois de mars de l\u2019ann\u00e9e en cours. Les r\u00e9sultats n\u2019ont  pas d\u00e9menti les pronostics pessimistes qui pr\u00e9disaient le caract\u00e8re  l\u00e9onin de l\u2019\u00e9crasante majorit\u00e9 de ce type d\u2019accords.<\/newscontent> Les observateurs avertis reconnaissent au Groupe Forrest le fait de s\u2019\u00e0\u00aatre    plac\u00e9 \u00e0\u00a0 l\u2019avant-garde des op\u00e9rateurs miniers qui r\u00e9clamaient    l\u2019\u00e9talage, sur la place publique, du tableau d\u2019ensemble des    contrats miniers liant l\u2019Etat congolais, directement ou sous couvert de    l\u2019entreprise publique G\u00e9camines, aux priv\u00e9s. La volont\u00e9    affirm\u00e9e du Holding pilot\u00e9 par George Arthur Forrest \u00e9tait    de permettre \u00e0\u00a0 l\u2019opinion publique elle-m\u00e0\u00aame de faire la diff\u00e9rence    entre les investisseurs aux mallettes vides et ceux qui contribuent r\u00e9ellement    \u00e0\u00a0 la cr\u00e9ation des richesses en faveur du Congo et des Congolais.    Ainsi, en jouant \u00e0\u00a0 fond la carte de la transparence, il pensait sinc\u00e8rement    tordre le cou \u00e0\u00a0 l\u2019amalgame qui s\u2019\u00e9tait solidement install\u00e9    dans le secteur minier \u00e0\u00a0 la suite du flou longtemps entretenu par le    gouvernement lui-m\u00e0\u00aame autour du travail de d\u00e9poussi\u00e9rage    des contrats miniers. Mais, deux mois apr\u00e8s la publication des conclusions    de la commission de revisitation et le constat amer du ministre des Mines lui-m\u00e0\u00aame,    selon lequel plus de 4.000 titres miniers en circulation en RDC consacraient    le bradage du patrimoine minier national, la confusion tend \u00e0\u00a0 s\u2019\u00e9riger    en syst\u00e8me. Image source: forrestgroup.com. &gt; <a href=\"http:\/\/www.mediacongo.net\/show.asp?doc=9426\" target=\"_blank\">Continue<\/a>.<\/p>\n<p><span style=\"font-size: 9pt; font-family: Arial\">Message received by Covalence | Country: Democratic Republic of Congo | Company: <\/span>Forrest <span style=\"font-size: 9pt; font-family: Arial\">| <\/span><span style=\"font-size: 9pt; font-family: Arial\">Source: <\/span><a href=\"http:\/\/www.mediacongo.net\/show.asp?doc=9426\" target=\"_blank\">Le Phare \/ <\/a><span style=\"font-size: 9pt; font-family: Arial\"><a href=\"http:\/\/www.mediacongo.net\/show.asp?doc=9160\" target=\"_blank\">Mediacongo.net<\/a> | Correspondent: <\/span><span style=\"font-size: 9pt; font-family: Arial\" lang=\"EN-GB\"><a href=\"mailto:jeanmariebolika@yahoo.fr\" target=\"_blank\"><span lang=\"FR-CH\">Jean Marie Bolika Lokumbo<\/span><\/a><\/span><span style=\"font-size: 9pt; font-family: Arial\">; <\/span><span style=\"font-size: 9pt; font-family: Arial\" lang=\"FR\">Initiative Locale pour le D\u00e9veloppement Int\u00e9gr\u00e9<\/span><\/p>\n","protected":false},"excerpt":{"rendered":"<p>Apr\u00e8s avoir fait couler encre et salive en fin d\u2019ann\u00e9e derni\u00e8re, en raison des atermoiements du gouvernement pour leur publication, les conclusions de la commission mixte Gouvernement-Soci\u00e9t\u00e9 Civile charg\u00e9e de revisiter les contrats miniers en R\u00e9publique D\u00e9mocratique du Congo ont finalement \u00e9t\u00e9 communiqu\u00e9es \u00e0\u00a0 l\u2019opinion au mois de mars de l\u2019ann\u00e9e en cours. Les r\u00e9sultats&hellip;<\/p>\n","protected":false},"author":665,"featured_media":0,"comment_status":"closed","ping_status":"closed","sticky":false,"template":"","format":"standard","meta":{"_exactmetrics_skip_tracking":false,"_exactmetrics_sitenote_active":false,"_exactmetrics_sitenote_note":"","_exactmetrics_sitenote_category":0,"wds_primary_category":0,"wds_primary_post_series":0,"footnotes":""},"categories":[6],"tags":[],"post_series":[],"class_list":["post-2530","post","type-post","status-publish","format-standard","hentry","category-messages","entry","no-media"],"_links":{"self":[{"href":"https:\/\/www.covalence.ch\/index.php\/wp-json\/wp\/v2\/posts\/2530","targetHints":{"allow":["GET"]}}],"collection":[{"href":"https:\/\/www.covalence.ch\/index.php\/wp-json\/wp\/v2\/posts"}],"about":[{"href":"https:\/\/www.covalence.ch\/index.php\/wp-json\/wp\/v2\/types\/post"}],"author":[{"embeddable":true,"href":"https:\/\/www.covalence.ch\/index.php\/wp-json\/wp\/v2\/users\/665"}],"replies":[{"embeddable":true,"href":"https:\/\/www.covalence.ch\/index.php\/wp-json\/wp\/v2\/comments?post=2530"}],"version-history":[{"count":0,"href":"https:\/\/www.covalence.ch\/index.php\/wp-json\/wp\/v2\/posts\/2530\/revisions"}],"wp:attachment":[{"href":"https:\/\/www.covalence.ch\/index.php\/wp-json\/wp\/v2\/media?parent=2530"}],"wp:term":[{"taxonomy":"category","embeddable":true,"href":"https:\/\/www.covalence.ch\/index.php\/wp-json\/wp\/v2\/categories?post=2530"},{"taxonomy":"post_tag","embeddable":true,"href":"https:\/\/www.covalence.ch\/index.php\/wp-json\/wp\/v2\/tags?post=2530"},{"taxonomy":"post_series","embeddable":true,"href":"https:\/\/www.covalence.ch\/index.php\/wp-json\/wp\/v2\/post_series?post=2530"}],"curies":[{"name":"wp","href":"https:\/\/api.w.org\/{rel}","templated":true}]}}