{"id":2021,"date":"2007-10-01T15:53:37","date_gmt":"2007-10-01T14:53:37","guid":{"rendered":"http:\/\/www.ethicalquote.com\/index.php\/2007\/10\/01\/teck-de-birmanie-le-bois-du-scandale\/"},"modified":"2007-12-19T12:44:12","modified_gmt":"2007-12-19T11:44:12","slug":"teck-de-birmanie-le-bois-du-scandale","status":"publish","type":"post","link":"https:\/\/www.covalence.ch\/index.php\/2007\/10\/01\/teck-de-birmanie-le-bois-du-scandale\/","title":{"rendered":"Teck de Birmanie : le bois du scandale"},"content":{"rendered":"<p><a href=\"http:\/\/www.amisdelaterre.org\/-Teck-de-Birmanie-le-bois-du-.html?var_recherche=teck\" target=\"_blank\" title=\"071015_teck.jpg\"><img decoding=\"async\" src=\"http:\/\/www.ethicalquote.com\/newTemplate\/wp-content\/uploads\/2007\/10\/071015_teck.jpg\" title=\"071015_teck.jpg\" alt=\"071015_teck.jpg\" align=\"right\" \/><\/a><span style=\"font-size: 9pt; font-family: Arial\" lang=\"FR\">Acheter du teck de Birmanie, c\u2019est acheter des armes pour opprimer davantage le peuple birman. Le lien entre commerce du bois et le renforcement du pouvoir militaire est clair et parfaitement document\u00e9. La violente r\u00e9pression des manifestations pacifistes doit pousser les importateurs de teck de Birmanie \u00e0\u00a0 cesser l\u2019hypocrisie et \u00e0\u00a0 reconna\u00e0\u00aetre leur responsabilit\u00e9 dans le maintien de la junte au pouvoir. L\u2019exploitation ill\u00e9gale est \u00e9galement florissante : toutes les 7 minutes, un camion rempli de bois coup\u00e9 ill\u00e9galement quitte la Birmanie. Cette exploitation est contr\u00f4l\u00e9e localement par l\u2019arm\u00e9e et permet, d\u2019une part de payer, nourrir et \u00e9quiper les 400 000 soldats de la junte et, d\u2019autre part, de stabiliser la pays en distribuant les concessions aux groupes rebelles. En aucun cas, l\u2019exploitation du teck de Birmanie ne profite au d\u00e9veloppement des populations locales. Les populations rurales, sont les premi\u00e9res victimes de l\u2019exploitation foresti\u00e9re : en plus des violences, des tortures et du travail forc\u00e9 sur les chantiers forestiers, le temps pass\u00e9 \u00e0\u00a0 travailler pour les militaires les emp\u00e0\u00aache de se consacrer \u00e0\u00a0 leurs propres activit\u00e9s. La d\u00e9forestation d\u00e9truit \u00e9galement leur mileu de vie : \u00e9rosion et glissements de terrain, diminution de la surface et de la fertilit\u00e9 des terres, ou encore de s\u00e9cheresse. Le commerce<span>  <\/span>du bois Teck, est la deuxi\u00e8me source officielle de revenu pour la junte militaire qui r\u00e9prime actuellement les manifestations pacifistes. Cette action a conduit plusieurs entreprises<span>  <\/span>telles Leroy Merlin, Point P et bient\u00f4t Saint Maclou \u00e0\u00a0 stopper la vente de produit. Avec 80% des r\u00e9serves mondiales, la Birmanie est le principal producteur et exportateur de teck issu de for\u00e0\u00aats naturelles : ce teck, d\u2019une qualit\u00e9 bien meilleure au teck de plantation, est tr\u00e8s recherch\u00e9 par les importateurs pour la fabrication de meubles de jardins ou la r\u00e9alisation de ponts de bateaux de plaisance. Image source: amisdelaterre.org. &gt; <a href=\"http:\/\/www.amisdelaterre.org\/-Teck-de-Birmanie-le-bois-du-.html?var_recherche=teck\" target=\"_blank\">Continue<\/a>.<\/span><span style=\"font-size: 9pt; font-family: Arial\" lang=\"EN-GB\"><\/span><\/p>\n<p><span style=\"font-size: 9pt; font-family: Arial\" lang=\"EN-GB\">Message received by Covalence <span class=\"linkbluetransmedium\">| Country: Myanmar | Company:<\/span><\/span><span style=\"font-size: 9pt; font-family: Arial\"><\/span> <span style=\"font-size: 9pt; font-family: Arial\" lang=\"FR\">Leroy Merlin, Point P, Saint Maclou<\/span><span> <\/span><span class=\"linkbluetransmedium\">| <span> <\/span><\/span>Source: <a href=\"http:\/\/www.amisdelaterre.org\/-Teck-de-Birmanie-le-bois-du-.html?var_recherche=teck\" target=\"_blank\">Les Amis de la Terre<\/a> <span class=\"linkbluetransmedium\">| Correspondent: Barth\u00e9l\u00e9my Kilosho, FULDEP<\/span><\/p>\n","protected":false},"excerpt":{"rendered":"<p>Acheter du teck de Birmanie, c\u2019est acheter des armes pour opprimer davantage le peuple birman. Le lien entre commerce du bois et le renforcement du pouvoir militaire est clair et parfaitement document\u00e9. La violente r\u00e9pression des manifestations pacifistes doit pousser les importateurs de teck de Birmanie \u00e0\u00a0 cesser l\u2019hypocrisie et \u00e0\u00a0 reconna\u00e0\u00aetre leur responsabilit\u00e9 dans&hellip;<\/p>\n","protected":false},"author":665,"featured_media":0,"comment_status":"closed","ping_status":"closed","sticky":false,"template":"","format":"standard","meta":{"_exactmetrics_skip_tracking":false,"_exactmetrics_sitenote_active":false,"_exactmetrics_sitenote_note":"","_exactmetrics_sitenote_category":0,"wds_primary_category":0,"wds_primary_post_series":0,"footnotes":""},"categories":[6],"tags":[],"post_series":[],"class_list":["post-2021","post","type-post","status-publish","format-standard","hentry","category-messages","entry","no-media"],"_links":{"self":[{"href":"https:\/\/www.covalence.ch\/index.php\/wp-json\/wp\/v2\/posts\/2021","targetHints":{"allow":["GET"]}}],"collection":[{"href":"https:\/\/www.covalence.ch\/index.php\/wp-json\/wp\/v2\/posts"}],"about":[{"href":"https:\/\/www.covalence.ch\/index.php\/wp-json\/wp\/v2\/types\/post"}],"author":[{"embeddable":true,"href":"https:\/\/www.covalence.ch\/index.php\/wp-json\/wp\/v2\/users\/665"}],"replies":[{"embeddable":true,"href":"https:\/\/www.covalence.ch\/index.php\/wp-json\/wp\/v2\/comments?post=2021"}],"version-history":[{"count":0,"href":"https:\/\/www.covalence.ch\/index.php\/wp-json\/wp\/v2\/posts\/2021\/revisions"}],"wp:attachment":[{"href":"https:\/\/www.covalence.ch\/index.php\/wp-json\/wp\/v2\/media?parent=2021"}],"wp:term":[{"taxonomy":"category","embeddable":true,"href":"https:\/\/www.covalence.ch\/index.php\/wp-json\/wp\/v2\/categories?post=2021"},{"taxonomy":"post_tag","embeddable":true,"href":"https:\/\/www.covalence.ch\/index.php\/wp-json\/wp\/v2\/tags?post=2021"},{"taxonomy":"post_series","embeddable":true,"href":"https:\/\/www.covalence.ch\/index.php\/wp-json\/wp\/v2\/post_series?post=2021"}],"curies":[{"name":"wp","href":"https:\/\/api.w.org\/{rel}","templated":true}]}}