{"id":13902,"date":"2021-05-09T09:30:00","date_gmt":"2021-05-09T08:30:00","guid":{"rendered":"https:\/\/www.covalence.ch\/?p=13902"},"modified":"2021-05-20T09:34:30","modified_gmt":"2021-05-20T08:34:30","slug":"la-finance-verte-a-labri-du-clash-avec-leurope","status":"publish","type":"post","link":"https:\/\/www.covalence.ch\/index.php\/2021\/05\/09\/la-finance-verte-a-labri-du-clash-avec-leurope\/","title":{"rendered":"La finance verte \u00e0 l\u2019abri du clash avec l\u2019Europe"},"content":{"rendered":"\n<p><a href=\"https:\/\/www.tdg.ch\/la-finance-verte-a-labri-du-clash-avec-leurope-505374038623\" target=\"_blank\" rel=\"noopener\"><img loading=\"lazy\" decoding=\"async\" class=\"alignright size-full wp-image-13903\" src=\"https:\/\/www.covalence.ch\/wp-content\/uploads\/2021\/05\/tdg09.05.2021.jpg\" alt=\"\" width=\"200\" height=\"130\" \/><\/a>Qualifi\u00e9e de \u00abverte\u00bb, elle est devenue la vitrine de la place financi\u00e8re genevoise. Jeudi encore, cette derni\u00e8re annon\u00e7ait le retour, fin novembre, de sa grande conf\u00e9rence \u00abBuilding Bridges\u00bb m\u00ealant banquiers, organisations internationales et autorit\u00e9s f\u00e9d\u00e9rales. Afin d\u2019ancrer son statut de centre majeur de la finance durable. (&#8230;) Une confiance d\u2019autant plus remarquable au regard de la d\u00e9pendance envers l\u2019Europe de l\u2019industrie des fonds de placement \u2013 en particuliers ceux qualifi\u00e9s de durables. \u00abCompte tenu de l\u2019\u00e9volution des r\u00e8gles europ\u00e9ennes, dans cinq \u00e0 dix ans tous les fonds indiqueront leur degr\u00e9 de durabilit\u00e9, \u00e0 l\u2019image des scores \u00e9nerg\u00e9tiques de l\u2019\u00e9lectrom\u00e9nager\u00bb, pr\u00e9vient Antoine Mach, directeur de l\u2019agence de notation Covalence. Aujourd\u2019hui, les fonds appliquant un filtre durable repr\u00e9sentent 38% du march\u00e9 suisse. <a href=\"https:\/\/www.tdg.ch\/la-finance-verte-a-labri-du-clash-avec-leurope-505374038623\" target=\"_blank\" rel=\"noopener\">Suite&#8230;<\/a><\/p>\n<p>Source: <a href=\"https:\/\/www.tdg.ch\/la-finance-verte-a-labri-du-clash-avec-leurope-505374038623\" target=\"_blank\" rel=\"noopener\">Tribune de Gen\u00e8ve<\/a><\/p>\n","protected":false},"excerpt":{"rendered":"Qualifi\u00e9e de \u00abverte\u00bb, elle est devenue la vitrine de la place financi\u00e8re genevoise. Jeudi encore, cette derni\u00e8re annon\u00e7ait le retour, fin novembre, de sa grande conf\u00e9rence \u00abBuilding Bridges\u00bb m\u00ealant banquiers, organisations internationales et autorit\u00e9s f\u00e9d\u00e9rales. Afin d\u2019ancrer son statut de centre majeur de la finance durable. (...) Une confiance d\u2019autant plus remarquable au regard de&hellip;","protected":false},"author":665,"featured_media":13903,"comment_status":"closed","ping_status":"closed","sticky":false,"template":"","format":"standard","meta":{"_exactmetrics_skip_tracking":false,"_exactmetrics_sitenote_active":false,"_exactmetrics_sitenote_note":"","_exactmetrics_sitenote_category":0,"wds_primary_category":0,"wds_primary_post_series":0,"footnotes":""},"categories":[2],"tags":[],"post_series":[],"class_list":["post-13902","post","type-post","status-publish","format-standard","has-post-thumbnail","hentry","category-publications","entry","has-media"],"_links":{"self":[{"href":"https:\/\/www.covalence.ch\/index.php\/wp-json\/wp\/v2\/posts\/13902","targetHints":{"allow":["GET"]}}],"collection":[{"href":"https:\/\/www.covalence.ch\/index.php\/wp-json\/wp\/v2\/posts"}],"about":[{"href":"https:\/\/www.covalence.ch\/index.php\/wp-json\/wp\/v2\/types\/post"}],"author":[{"embeddable":true,"href":"https:\/\/www.covalence.ch\/index.php\/wp-json\/wp\/v2\/users\/665"}],"replies":[{"embeddable":true,"href":"https:\/\/www.covalence.ch\/index.php\/wp-json\/wp\/v2\/comments?post=13902"}],"version-history":[{"count":1,"href":"https:\/\/www.covalence.ch\/index.php\/wp-json\/wp\/v2\/posts\/13902\/revisions"}],"predecessor-version":[{"id":13904,"href":"https:\/\/www.covalence.ch\/index.php\/wp-json\/wp\/v2\/posts\/13902\/revisions\/13904"}],"wp:featuredmedia":[{"embeddable":true,"href":"https:\/\/www.covalence.ch\/index.php\/wp-json\/wp\/v2\/media\/13903"}],"wp:attachment":[{"href":"https:\/\/www.covalence.ch\/index.php\/wp-json\/wp\/v2\/media?parent=13902"}],"wp:term":[{"taxonomy":"category","embeddable":true,"href":"https:\/\/www.covalence.ch\/index.php\/wp-json\/wp\/v2\/categories?post=13902"},{"taxonomy":"post_tag","embeddable":true,"href":"https:\/\/www.covalence.ch\/index.php\/wp-json\/wp\/v2\/tags?post=13902"},{"taxonomy":"post_series","embeddable":true,"href":"https:\/\/www.covalence.ch\/index.php\/wp-json\/wp\/v2\/post_series?post=13902"}],"curies":[{"name":"wp","href":"https:\/\/api.w.org\/{rel}","templated":true}]}}