{"id":13264,"date":"2020-06-08T16:52:26","date_gmt":"2020-06-08T15:52:26","guid":{"rendered":"https:\/\/www.covalence.ch\/?p=13264"},"modified":"2020-06-08T16:59:04","modified_gmt":"2020-06-08T15:59:04","slug":"publication-actes-synthese-du-colloque-oser-le-nouveau-paradigme-des-odd-de-la-vision-aux-realisations-palais-nations","status":"publish","type":"post","link":"https:\/\/www.covalence.ch\/index.php\/2020\/06\/08\/publication-actes-synthese-du-colloque-oser-le-nouveau-paradigme-des-odd-de-la-vision-aux-realisations-palais-nations\/","title":{"rendered":"Publication Actes \/ Synth\u00e8se du Colloque &#8220;Oser le nouveau paradigme des ODD : de la vision aux r\u00e9alisations&#8221;, Palais Nations"},"content":{"rendered":"\n<p style=\"text-align: left;\"><img loading=\"lazy\" decoding=\"async\" class=\"alignright size-full wp-image-13265\" src=\"https:\/\/www.covalence.ch\/wp-content\/uploads\/2020\/06\/actescolloque.png\" alt=\"\" width=\"200\" height=\"130\" srcset=\"https:\/\/www.covalence.ch\/wp-content\/uploads\/2020\/06\/actescolloque.png 200w, https:\/\/www.covalence.ch\/wp-content\/uploads\/2020\/06\/actescolloque-150x98.png 150w\" sizes=\"auto, (max-width: 200px) 100vw, 200px\" \/>Le colloque international, \u00ab Oser le nouveau paradigme des ODD : de la vision aux r\u00e9alisations \u00bb a \u00e9t\u00e9 organis\u00e9, le 4 juin, au Palais des Nations, \u00e0 Gen\u00e8ve, rassemblant plus de 300 participants. Il avait pour but de mieux faire connaitre l\u2019Agenda 2030 de l\u2019ONU adopt\u00e9 par l\u2019ensemble des Etats Membres en 2015, d\u2019apporter un \u00e9clairage sur le nouveau paradigme qui inspire la conception et la mise en \u0153uvre des ODD et de mobiliser les diff\u00e9rents acteurs pour s\u2019engager davantage dans les transformations soci\u00e9tales n\u00e9cessaires.(\u2026)<\/p>\n<p>Antoine MACH, sp\u00e9cialiste de la RSE et de la finance durable, a \u00e9voqu\u00e9 de son c\u00f4t\u00e9 l\u2019importance des pratiques innovantes pour produire, consommer, \u00e9changer \u2013 mais \u00e9galement investir autrement. Pour r\u00e9aliser les ODD, les Nations Unies en appellent aux gouvernements, mais aussi \u00e0 la soci\u00e9t\u00e9 civile et au secteur priv\u00e9.<\/p>\n<p><iframe loading=\"lazy\" src=\"\/\/www.youtube.com\/embed\/O4frqJrxbgo\" width=\"560\" height=\"314\" allowfullscreen=\"allowfullscreen\"><\/iframe><\/p>\n<ul>\n<li><a href=\"http:\/\/www.aiodd.org\/wp-content\/uploads\/2020\/06\/Actes-colloque-Oser-le-nouveau-paradigme-ODD-Interventions.pdf\" target=\"_blank\" rel=\"noopener noreferrer\">Actes du colloque<\/a><\/li>\n<li><a href=\"http:\/\/www.aiodd.org\/wp-content\/uploads\/2020\/06\/Actes-Biographies-liens-vid%C3%A9os-structures.pdf\" target=\"_blank\" rel=\"noopener noreferrer\">Biographies<\/a><\/li>\n<\/ul>\n","protected":false},"excerpt":{"rendered":"Le colloque international, \u00ab Oser le nouveau paradigme des ODD : de la vision aux r\u00e9alisations \u00bb a \u00e9t\u00e9 organis\u00e9, le 4 juin, au Palais des Nations, \u00e0 Gen\u00e8ve, rassemblant plus de 300 participants. Il avait pour but de mieux faire connaitre l\u2019Agenda 2030 de l\u2019ONU adopt\u00e9 par l\u2019ensemble des Etats Membres en 2015, d\u2019apporter&hellip;","protected":false},"author":665,"featured_media":13265,"comment_status":"closed","ping_status":"closed","sticky":false,"template":"","format":"standard","meta":{"_exactmetrics_skip_tracking":false,"_exactmetrics_sitenote_active":false,"_exactmetrics_sitenote_note":"","_exactmetrics_sitenote_category":0,"wds_primary_category":0,"wds_primary_post_series":0,"footnotes":""},"categories":[2],"tags":[],"post_series":[],"class_list":["post-13264","post","type-post","status-publish","format-standard","has-post-thumbnail","hentry","category-publications","entry","has-media"],"_links":{"self":[{"href":"https:\/\/www.covalence.ch\/index.php\/wp-json\/wp\/v2\/posts\/13264","targetHints":{"allow":["GET"]}}],"collection":[{"href":"https:\/\/www.covalence.ch\/index.php\/wp-json\/wp\/v2\/posts"}],"about":[{"href":"https:\/\/www.covalence.ch\/index.php\/wp-json\/wp\/v2\/types\/post"}],"author":[{"embeddable":true,"href":"https:\/\/www.covalence.ch\/index.php\/wp-json\/wp\/v2\/users\/665"}],"replies":[{"embeddable":true,"href":"https:\/\/www.covalence.ch\/index.php\/wp-json\/wp\/v2\/comments?post=13264"}],"version-history":[{"count":5,"href":"https:\/\/www.covalence.ch\/index.php\/wp-json\/wp\/v2\/posts\/13264\/revisions"}],"predecessor-version":[{"id":13271,"href":"https:\/\/www.covalence.ch\/index.php\/wp-json\/wp\/v2\/posts\/13264\/revisions\/13271"}],"wp:featuredmedia":[{"embeddable":true,"href":"https:\/\/www.covalence.ch\/index.php\/wp-json\/wp\/v2\/media\/13265"}],"wp:attachment":[{"href":"https:\/\/www.covalence.ch\/index.php\/wp-json\/wp\/v2\/media?parent=13264"}],"wp:term":[{"taxonomy":"category","embeddable":true,"href":"https:\/\/www.covalence.ch\/index.php\/wp-json\/wp\/v2\/categories?post=13264"},{"taxonomy":"post_tag","embeddable":true,"href":"https:\/\/www.covalence.ch\/index.php\/wp-json\/wp\/v2\/tags?post=13264"},{"taxonomy":"post_series","embeddable":true,"href":"https:\/\/www.covalence.ch\/index.php\/wp-json\/wp\/v2\/post_series?post=13264"}],"curies":[{"name":"wp","href":"https:\/\/api.w.org\/{rel}","templated":true}]}}