{"id":13026,"date":"2019-06-04T10:41:20","date_gmt":"2019-06-04T09:41:20","guid":{"rendered":"https:\/\/www.covalence.ch\/?p=13026"},"modified":"2019-07-11T10:52:08","modified_gmt":"2019-07-11T09:52:08","slug":"oser-le-nouveau-paradigme-des-odd-de-la-vision-aux-realisations-onu-geneve","status":"publish","type":"post","link":"https:\/\/www.covalence.ch\/index.php\/2019\/06\/04\/oser-le-nouveau-paradigme-des-odd-de-la-vision-aux-realisations-onu-geneve\/","title":{"rendered":"Oser le nouveau paradigme des ODD : de la vision aux r\u00e9alisations, ONU Gen\u00e8ve"},"content":{"rendered":"[:en]\n<p>Le colloque organis\u00e9 par AIODD &amp; UNESU a permis de cr\u00e9er de belles synergies et perspectives, le 14 juin 2019, \u00e0 l\u2019ONU de Gen\u00e8ve\u2026<\/p>\n<p><iframe loading=\"lazy\" src=\"\/\/www.youtube.com\/embed\/O4frqJrxbgo\" width=\"560\" height=\"315\" frameborder=\"0\" allowfullscreen=\"allowfullscreen\" data-mce-fragment=\"1\"><\/iframe><\/p>\n<p>Ce colloque sur les ODD s\u2019est d\u00e9roul\u00e9 en pr\u00e9sence de diplomates, philosophes, \u00e9crivains, \u00e9lus, chefs d\u2019entreprises, ONG et citoyens. De nombreux organismes, repr\u00e9sentant des centaines de citoyens, \u00e9taient repr\u00e9sent\u00e9s (WWF, artisans du monde, Food for Hungry, universit\u00e9s, etc.). Il a permis d\u2019accueillir des acteurs reconnus faisant partie des plus grandes figures du d\u00e9veloppement durable, avec notamment Dominique Bourg, Patrick Viveret, Isabelle Delannoy, Ren\u00e9 Longet, Olga Johnson, Fabienne Gr\u00e9bert\u2026 et de nombreux intervenants issus du monde politique, \u00e9conomique, social et associatif. La jeunesse \u00e9tait tr\u00e8s pr\u00e9sente\u2026 le t\u00e9moignage de Aya Chbab, 12 ans, du programme AIODD kids, brossant le tableau des enjeux, ou encore celui de Elo\u00efse Leurs, \u00e9tudiante \u00e0 l\u2019\u00e9cole d\u2019ing\u00e9nieur Polytech Annecy-Chamb\u00e9ry, sur la situation dramatique des migrants ont \u00e9t\u00e9 des temps forts, nous rappelant l\u2019importance de s\u2019indigner mais aussi et surtout d\u2019agir (St\u00e9phane Hessel).<\/p>\n<p>Source: <a href=\"http:\/\/www.aiodd.org\/\" target=\"_blank\" rel=\"noopener\">AIODD &amp; UNESU<\/a><\/p>\n[:fr]\n<p style=\"text-align: justify;\">Le colloque organis\u00e9 par AIODD &amp; UNESU a permis de cr\u00e9er de belles synergies et perspectives, le 14 juin 2019, \u00e0 l\u2019ONU de Gen\u00e8ve\u2026<\/p>\n<p style=\"text-align: justify;\"><iframe loading=\"lazy\" src=\"\/\/www.youtube.com\/embed\/O4frqJrxbgo\" width=\"560\" height=\"315\" frameborder=\"0\" allowfullscreen=\"allowfullscreen\"><\/iframe><\/p>\n<p style=\"text-align: justify;\">Ce colloque sur les ODD s\u2019est d\u00e9roul\u00e9 en pr\u00e9sence de diplomates, philosophes, \u00e9crivains, \u00e9lus, chefs d\u2019entreprises, ONG et citoyens. De nombreux organismes, repr\u00e9sentant des centaines de citoyens, \u00e9taient repr\u00e9sent\u00e9s (WWF, artisans du monde, Food for Hungry, universit\u00e9s, etc.). Il a permis d\u2019accueillir des acteurs reconnus faisant partie des plus grandes figures du d\u00e9veloppement durable, avec notamment Dominique Bourg, Patrick Viveret, Isabelle Delannoy, Ren\u00e9 Longet, Olga Johnson, Fabienne Gr\u00e9bert\u2026 et de nombreux intervenants issus du monde politique, \u00e9conomique, social et associatif. La jeunesse \u00e9tait tr\u00e8s pr\u00e9sente\u2026 le t\u00e9moignage de Aya Chbab, 12 ans, du programme AIODD kids, brossant le tableau des enjeux, ou encore celui de Elo\u00efse Leurs, \u00e9tudiante \u00e0 l\u2019\u00e9cole d\u2019ing\u00e9nieur Polytech Annecy-Chamb\u00e9ry, sur la situation dramatique des migrants ont \u00e9t\u00e9 des temps forts, nous rappelant l\u2019importance de s\u2019indigner mais aussi et surtout d\u2019agir (St\u00e9phane Hessel).<\/p>\n<p style=\"text-align: justify;\">Source: <a href=\"http:\/\/www.aiodd.org\/\" target=\"_blank\" rel=\"noopener\">AIODD &amp; UNESU<\/a><\/p>\n[:]\n","protected":false},"excerpt":{"rendered":"<p>[:en] Le colloque organis\u00e9 par AIODD &amp; UNESU a permis de cr\u00e9er de belles synergies et perspectives, le 14 juin 2019, \u00e0 l\u2019ONU de Gen\u00e8ve\u2026 Ce colloque sur les ODD s\u2019est d\u00e9roul\u00e9 en pr\u00e9sence de diplomates, philosophes, \u00e9crivains, \u00e9lus, chefs d\u2019entreprises, ONG et citoyens. De nombreux organismes, repr\u00e9sentant des centaines de citoyens, \u00e9taient repr\u00e9sent\u00e9s (WWF,&hellip;<\/p>\n","protected":false},"author":665,"featured_media":13027,"comment_status":"closed","ping_status":"closed","sticky":false,"template":"","format":"standard","meta":{"_exactmetrics_skip_tracking":false,"_exactmetrics_sitenote_active":false,"_exactmetrics_sitenote_note":"","_exactmetrics_sitenote_category":0,"wds_primary_category":0,"wds_primary_post_series":0,"footnotes":""},"categories":[2],"tags":[],"post_series":[],"class_list":["post-13026","post","type-post","status-publish","format-standard","has-post-thumbnail","hentry","category-publications","entry","has-media"],"_links":{"self":[{"href":"https:\/\/www.covalence.ch\/index.php\/wp-json\/wp\/v2\/posts\/13026","targetHints":{"allow":["GET"]}}],"collection":[{"href":"https:\/\/www.covalence.ch\/index.php\/wp-json\/wp\/v2\/posts"}],"about":[{"href":"https:\/\/www.covalence.ch\/index.php\/wp-json\/wp\/v2\/types\/post"}],"author":[{"embeddable":true,"href":"https:\/\/www.covalence.ch\/index.php\/wp-json\/wp\/v2\/users\/665"}],"replies":[{"embeddable":true,"href":"https:\/\/www.covalence.ch\/index.php\/wp-json\/wp\/v2\/comments?post=13026"}],"version-history":[{"count":0,"href":"https:\/\/www.covalence.ch\/index.php\/wp-json\/wp\/v2\/posts\/13026\/revisions"}],"wp:featuredmedia":[{"embeddable":true,"href":"https:\/\/www.covalence.ch\/index.php\/wp-json\/wp\/v2\/media\/13027"}],"wp:attachment":[{"href":"https:\/\/www.covalence.ch\/index.php\/wp-json\/wp\/v2\/media?parent=13026"}],"wp:term":[{"taxonomy":"category","embeddable":true,"href":"https:\/\/www.covalence.ch\/index.php\/wp-json\/wp\/v2\/categories?post=13026"},{"taxonomy":"post_tag","embeddable":true,"href":"https:\/\/www.covalence.ch\/index.php\/wp-json\/wp\/v2\/tags?post=13026"},{"taxonomy":"post_series","embeddable":true,"href":"https:\/\/www.covalence.ch\/index.php\/wp-json\/wp\/v2\/post_series?post=13026"}],"curies":[{"name":"wp","href":"https:\/\/api.w.org\/{rel}","templated":true}]}}