{"id":12196,"date":"2018-02-08T18:11:13","date_gmt":"2018-02-08T17:11:13","guid":{"rendered":"http:\/\/www.ethicalquote.com\/newTemplate\/?p=12196"},"modified":"2018-03-26T13:53:36","modified_gmt":"2018-03-26T12:53:36","slug":"envie-de-vous-former-en-finance-durable-23-24-fevrier-et-2-3-mars-2018","status":"publish","type":"post","link":"https:\/\/www.covalence.ch\/index.php\/2018\/02\/08\/envie-de-vous-former-en-finance-durable-23-24-fevrier-et-2-3-mars-2018\/","title":{"rendered":"Envie de vous former en finance durable? 23-24 f\u00e9vrier et 2-3 mars 2018"},"content":{"rendered":"[:en]\n<p><a href=\"https:\/\/mailchi.mp\/d3c422f44a4e\/derniere-chance-formation-en-finance-durable?e=bdd20e585b\" target=\"_blank\" rel=\"noopener\"><img loading=\"lazy\" decoding=\"async\" class=\"alignright wp-image-12198 size-full\" title=\"Envie de vous former en finance durable? 23-24 f\u00e9vrier et 2-3 mars 2018\" src=\"http:\/\/www.covalence.ch\/newTemplate\/wp-content\/uploads\/2018\/02\/modulefinancedurable_signature_180208-1.png\" alt=\"Envie de vous former en finance durable? 23-24 f\u00e9vrier et 2-3 mars 2018\" width=\"200\" height=\"130\" \/><\/a>Ne ratez pas ces 4 jours de formation qui vous permettrons d&#8217;avoir une vue d&#8217;ensemble sur ce secteur en pleine expansion. Ce module aborde les lev\u00e9es de fonds permettant la cr\u00e9ation et le d\u00e9veloppement d\u2019une entreprise (microcr\u00e9dit, capital-investissement), son financement (cr\u00e9dit commerciaux), ainsi que ses investissements par le biais de caisses de pension ainsi qu\u2019\u00e0 titre individuel (Investissement Socialement Responsable ; analyse Environnement, Social, Gouvernance ; engagement actionnarial ; impact investing ; philanthropie).<\/p>\n<p>Programme d\u00e9taill\u00e9 et inscription <a href=\"https:\/\/www.hesge.ch\/heg\/actualites\/2017\/finance-durable-module-ouvert-au-public\" target=\"_blank\" rel=\"noopener\">ICI<\/a>.<\/p>\n<p>10% (CHF 200) de r\u00e9duction pour nos membres.<\/p>\n<p>Source: <a href=\"https:\/\/mailchi.mp\/d3c422f44a4e\/derniere-chance-formation-en-finance-durable?e=bdd20e585b\" target=\"_blank\" rel=\"noopener\">Sustainable Finance Geneva<\/a><\/p>\n[:fr]\n<p><a href=\"https:\/\/mailchi.mp\/d3c422f44a4e\/derniere-chance-formation-en-finance-durable?e=bdd20e585b\" target=\"_blank\" rel=\"noopener\"><img loading=\"lazy\" decoding=\"async\" class=\"alignright wp-image-12198 size-full\" title=\"Envie de vous former en finance durable? 23-24 f\u00e9vrier et 2-3 mars 2018\" src=\"http:\/\/www.covalence.ch\/wp-content\/uploads\/2018\/02\/modulefinancedurable_signature_180208-1.png\" alt=\"Envie de vous former en finance durable? 23-24 f\u00e9vrier et 2-3 mars 2018\" width=\"200\" height=\"130\" \/><\/a>Ne ratez pas ces 4 jours de formation qui vous permettrons d&#8217;avoir une vue d&#8217;ensemble sur ce secteur en pleine expansion. Ce module aborde les lev\u00e9es de fonds permettant la cr\u00e9ation et le d\u00e9veloppement d\u2019une entreprise (microcr\u00e9dit, capital-investissement), son financement (cr\u00e9dit commerciaux), ainsi que ses investissements par le biais de caisses de pension ainsi qu\u2019\u00e0 titre individuel (Investissement Socialement Responsable ; analyse Environnement, Social, Gouvernance ; engagement actionnarial ; impact investing ; philanthropie).<\/p>\n<p>Programme d\u00e9taill\u00e9 et inscription <a href=\"https:\/\/www.hesge.ch\/heg\/actualites\/2017\/finance-durable-module-ouvert-au-public\" target=\"_blank\" rel=\"noopener\">ICI<\/a>.<\/p>\n<p>10% (CHF 200) de r\u00e9duction pour nos membres.<\/p>\n<p>Source: <a href=\"https:\/\/mailchi.mp\/d3c422f44a4e\/derniere-chance-formation-en-finance-durable?e=bdd20e585b\" target=\"_blank\" rel=\"noopener\">Sustainable Finance Geneva<\/a><\/p>\n[:]\n","protected":false},"excerpt":{"rendered":"<p>[:en] Ne ratez pas ces 4 jours de formation qui vous permettrons d&#8217;avoir une vue d&#8217;ensemble sur ce secteur en pleine expansion. Ce module aborde les lev\u00e9es de fonds permettant la cr\u00e9ation et le d\u00e9veloppement d\u2019une entreprise (microcr\u00e9dit, capital-investissement), son financement (cr\u00e9dit commerciaux), ainsi que ses investissements par le biais de caisses de pension ainsi&hellip;<\/p>\n","protected":false},"author":665,"featured_media":12197,"comment_status":"closed","ping_status":"closed","sticky":false,"template":"","format":"standard","meta":{"_exactmetrics_skip_tracking":false,"_exactmetrics_sitenote_active":false,"_exactmetrics_sitenote_note":"","_exactmetrics_sitenote_category":0,"wds_primary_category":0,"wds_primary_post_series":0,"footnotes":""},"categories":[2],"tags":[],"post_series":[],"class_list":["post-12196","post","type-post","status-publish","format-standard","has-post-thumbnail","hentry","category-publications","entry","has-media"],"_links":{"self":[{"href":"https:\/\/www.covalence.ch\/index.php\/wp-json\/wp\/v2\/posts\/12196","targetHints":{"allow":["GET"]}}],"collection":[{"href":"https:\/\/www.covalence.ch\/index.php\/wp-json\/wp\/v2\/posts"}],"about":[{"href":"https:\/\/www.covalence.ch\/index.php\/wp-json\/wp\/v2\/types\/post"}],"author":[{"embeddable":true,"href":"https:\/\/www.covalence.ch\/index.php\/wp-json\/wp\/v2\/users\/665"}],"replies":[{"embeddable":true,"href":"https:\/\/www.covalence.ch\/index.php\/wp-json\/wp\/v2\/comments?post=12196"}],"version-history":[{"count":0,"href":"https:\/\/www.covalence.ch\/index.php\/wp-json\/wp\/v2\/posts\/12196\/revisions"}],"wp:featuredmedia":[{"embeddable":true,"href":"https:\/\/www.covalence.ch\/index.php\/wp-json\/wp\/v2\/media\/12197"}],"wp:attachment":[{"href":"https:\/\/www.covalence.ch\/index.php\/wp-json\/wp\/v2\/media?parent=12196"}],"wp:term":[{"taxonomy":"category","embeddable":true,"href":"https:\/\/www.covalence.ch\/index.php\/wp-json\/wp\/v2\/categories?post=12196"},{"taxonomy":"post_tag","embeddable":true,"href":"https:\/\/www.covalence.ch\/index.php\/wp-json\/wp\/v2\/tags?post=12196"},{"taxonomy":"post_series","embeddable":true,"href":"https:\/\/www.covalence.ch\/index.php\/wp-json\/wp\/v2\/post_series?post=12196"}],"curies":[{"name":"wp","href":"https:\/\/api.w.org\/{rel}","templated":true}]}}